{"id":2945,"date":"2015-07-20T16:07:08","date_gmt":"2015-07-20T16:07:08","guid":{"rendered":"http:\/\/www.agadir-location-voitures.com\/blog\/?p=2945"},"modified":"2015-07-20T16:07:08","modified_gmt":"2015-07-20T16:07:08","slug":"changement-dheure-au-maroc","status":"publish","type":"post","link":"https:\/\/www.carsalis.com\/fr\/changement-dheure-au-maroc\/","title":{"rendered":"Changement d&#8217;heure au Maroc"},"content":{"rendered":"<p>Apr\u00e8s avoir chang\u00e9 d&#8217;heure avant l&#8217;arriv\u00e9e du mois de <strong>Ramadan<\/strong>, voil\u00e0 qu&#8217;un nouveau changement d&#8217;heure au Maroc s&#8217;op\u00e8re juste apr\u00e8s un mois. Pas d&#8217;imbroglio, on vous rassure.<\/p>\n<p><img decoding=\"async\" class=\"aligncenter\" src=\"https:\/\/word-edit.officeapps.live.com\/we\/ResReader.ashx?v=00000000-0000-0000-0000-000000000014&amp;n=E2o4.img&amp;rndm=4155199d-c3eb-4d28-84a2-d152864b96a8&amp;Fi=SDE9E2BFA3B7CFD4CB!610&amp;C=5_810_BN1-SKY-WAC-WSHI&amp;ak=m%3Dfr%2Dfr&amp;usid=3a1bf9c7-2170-4270-b0d7-ab2fb8a3c36c&amp;build=16.0.3930.3029&amp;waccluster=DB3B\" alt=\"Image\" \/><\/p>\n<h2>Changement d\u2019heure<\/h2>\n<p>C\u2019est une mesure qui peut perturber et modifier les habitudes des Marocains mais qui r\u00e9duit sensiblement la consommation \u00e9lectrique, ce week-end le pays est pass\u00e9 \u00e0 <strong>l\u2019heure d\u2019\u00e9t\u00e9<\/strong>.<\/p>\n<p>Comme \u00e0 chaque fois, ce changement suscite des r\u00e9actions diff\u00e9rentes chez les citoyens, entre les agriculteurs qui pr\u00e9f\u00e8rent se rep\u00e9rer par rapport au lever et au coucher du soleil et les citoyens urbains qui s\u2019accommodent de cette mesure. Heure d\u2019\u00e9t\u00e9 ou pas, pour les habitants du monde rural le travail commence avant le lever du soleil.<\/p>\n<p>Cependant dans les villes, les partisans du passage \u00e0 l\u2019heure d\u2019\u00e9t\u00e9 sont plus nombreux, il s\u2019agit de rationnaliser les d\u00e9penses en \u00e9nergie et de r\u00e9duire l\u2019horaire avec les partenaires \u00e9conomiques du Maroc sans compter que les journ\u00e9es sont plus longues et donc une heure de soleil en plus pour les amateurs !<\/p>\n<p>Depuis plusieurs ann\u00e9es, ce changement est dans l\u2019int\u00e9r\u00eat du pays, les retomb\u00e9es \u00e9tant positives en termes d\u2019efficacit\u00e9 \u00e9nerg\u00e9tique.<\/p>\n<h2>Les vacances sous le signe de la chaleur<\/h2>\n<p>Ce retour \u00e0 l\u2019heure d\u2019\u00e9t\u00e9 s\u2019accompagne d\u2019une nouvelle hausse des temp\u00e9ratures, durant les trois prochains jours, le thermom\u00e8tre affichera des records dans certaines r\u00e9gions du Royaume, \u00e9voluant entre 40 et 44 degr\u00e9s aujourd\u2019hui et entre 42 et 46 degr\u00e9s mardi et mercredi dans le sud majoritairement.<\/p>\n<p>Une vague de chaleur \u00e0 laquelle il faudra s\u2019adapter, les vacances d\u00e9marrent sous un soleil de plomb pour les Marocains r\u00e9sidents \u00e0 l\u2019\u00e9tranger (<strong>MRE<\/strong>). L\u2019op\u00e9ration Marhaba (qui signifie bienvenue) se poursuit, ce sont des espaces d\u2019accueil mis en place pour accompagner l\u2019intensit\u00e9 du trafic maritime et a\u00e9rien au Maroc, les Marocains r\u00e9sidents \u00e0 l\u2019\u00e9tranger sont accueillis dans les meilleures conditions de confort et de s\u00e9curit\u00e9 dans des aires de repos am\u00e9nag\u00e9es et des sites d\u2019accueils dans certains ports et a\u00e9roports du pays.<\/p>\n<p><img decoding=\"async\" class=\"aligncenter\" src=\"https:\/\/word-edit.officeapps.live.com\/we\/ResReader.ashx?v=00000000-0000-0000-0000-000000000014&amp;n=E2o1.img&amp;rndm=4d11d009-9f6d-4c46-96dd-39b1ff7ca977&amp;Fi=SDE9E2BFA3B7CFD4CB!610&amp;C=5_810_BN1-SKY-WAC-WSHI&amp;ak=m%3Dfr%2Dfr&amp;usid=3a1bf9c7-2170-4270-b0d7-ab2fb8a3c36c&amp;build=16.0.3930.3029&amp;waccluster=DB3B\" alt=\"Image\" \/><\/p>\n<p>Chaque ann\u00e9e ces Marocains repr\u00e9sentent pr\u00e8s de 80% des voyageurs qui reviennent aux sources, d\u00e9sirant visiter leurs proches qui pour la plupart d\u2019entre eux vivent au Maroc. En 2014, ils \u00e9taient plus de 4,4 millions venus au<strong> Maroc<\/strong> durant l\u2019op\u00e9ration Marhaba.<\/p>\n<p>Ce sont des pics d\u2019affluence que le Maroc conna\u00eet, o\u00f9 jusqu\u2019\u00e0 40 000 voyageurs ont foul\u00e9 la terre du Royaume ce mois-ci.<\/p>\n<p>Que vous arriviez par la mer ou par les airs, <strong>Carsalis<\/strong> pense \u00e0 vous et s\u2019engage \u00e0 vous faire passer de m\u00e9morables vacances \u00e0 bord de ses v\u00e9hicules, berlines et citadines selon vos pr\u00e9f\u00e9rences. Nos v\u00e9hicules vous sont livr\u00e9s \u00e0 l\u2019a\u00e9roport ainsi que dans plusieurs grandes villes pour un gain de temps et un confort optimaux. Pensez \u00e0 vous renseigner\u2026<\/p>","protected":false},"excerpt":{"rendered":"<p>Apr\u00e8s avoir chang\u00e9 d&#8217;heure avant l&#8217;arriv\u00e9e du mois de Ramadan, voil\u00e0 qu&#8217;un nouveau changement d&#8217;heure au Maroc s&#8217;op\u00e8re juste apr\u00e8s un mois. Pas d&#8217;imbroglio, on vous rassure. Changement d\u2019heure C\u2019est une mesure qui peut perturber et modifier les habitudes des Marocains mais qui r\u00e9duit sensiblement la consommation \u00e9lectrique, ce week-end le pays est pass\u00e9 \u00e0 [&hellip;]<\/p>","protected":false},"author":1,"featured_media":0,"comment_status":"open","ping_status":"open","sticky":false,"template":"","format":"standard","meta":{"footnotes":""},"categories":[13],"tags":[70,31,302,305,64,19,44,306,296,21,156],"yoast_head":"<!-- This site is optimized with the Yoast SEO plugin v21.7 - https:\/\/yoast.com\/wordpress\/plugins\/seo\/ -->\n<title>Changement d&#039;heure au Maroc<\/title>\n<meta name=\"robots\" content=\"index, follow, max-snippet:-1, max-image-preview:large, max-video-preview:-1\" \/>\n<link rel=\"canonical\" href=\"https:\/\/www.carsalis.com\/fr\/changement-dheure-au-maroc\/\" \/>\n<meta property=\"og:locale\" content=\"fr_CA\" \/>\n<meta property=\"og:type\" content=\"article\" \/>\n<meta property=\"og:title\" content=\"Changement d&#039;heure au Maroc\" \/>\n<meta property=\"og:description\" content=\"Apr\u00e8s avoir chang\u00e9 d&#8217;heure avant l&#8217;arriv\u00e9e du mois de Ramadan, voil\u00e0 qu&#8217;un nouveau changement d&#8217;heure au Maroc s&#8217;op\u00e8re juste apr\u00e8s un mois. Pas d&#8217;imbroglio, on vous rassure. Changement d\u2019heure C\u2019est une mesure qui peut perturber et modifier les habitudes des Marocains mais qui r\u00e9duit sensiblement la consommation \u00e9lectrique, ce week-end le pays est pass\u00e9 \u00e0 [&hellip;]\" \/>\n<meta property=\"og:url\" content=\"https:\/\/www.carsalis.com\/fr\/changement-dheure-au-maroc\/\" \/>\n<meta property=\"og:site_name\" content=\"Carsalis\" \/>\n<meta property=\"article:published_time\" content=\"2015-07-20T16:07:08+00:00\" \/>\n<meta property=\"og:image\" content=\"https:\/\/word-edit.officeapps.live.com\/we\/ResReader.ashx?v=00000000-0000-0000-0000-000000000014&amp;n=E2o4.img&amp;rndm=4155199d-c3eb-4d28-84a2-d152864b96a8&amp;Fi=SDE9E2BFA3B7CFD4CB!610&amp;C=5_810_BN1-SKY-WAC-WSHI&amp;ak=m%3Dfr%2Dfr&amp;usid=3a1bf9c7-2170-4270-b0d7-ab2fb8a3c36c&amp;build=16.0.3930.3029&amp;waccluster=DB3B\" \/>\n<meta name=\"author\" content=\"admin\" \/>\n<meta name=\"twitter:card\" content=\"summary_large_image\" \/>\n<meta name=\"twitter:label1\" content=\"\u00c9crit par\" \/>\n\t<meta name=\"twitter:data1\" content=\"admin\" \/>\n\t<meta name=\"twitter:label2\" content=\"Estimation du temps de lecture\" \/>\n\t<meta name=\"twitter:data2\" content=\"2 minutes\" \/>\n<script type=\"application\/ld+json\" class=\"yoast-schema-graph\">{\"@context\":\"https:\/\/schema.org\",\"@graph\":[{\"@type\":\"WebPage\",\"@id\":\"https:\/\/www.carsalis.com\/changement-dheure-au-maroc\/\",\"url\":\"https:\/\/www.carsalis.com\/changement-dheure-au-maroc\/\",\"name\":\"Changement d'heure au Maroc\",\"isPartOf\":{\"@id\":\"https:\/\/www.carsalis.com\/#website\"},\"datePublished\":\"2015-07-20T16:07:08+00:00\",\"dateModified\":\"2015-07-20T16:07:08+00:00\",\"author\":{\"@id\":\"https:\/\/www.carsalis.com\/#\/schema\/person\/965bfec20cb9e50ad50a6da6b20debb5\"},\"breadcrumb\":{\"@id\":\"https:\/\/www.carsalis.com\/changement-dheure-au-maroc\/#breadcrumb\"},\"inLanguage\":\"fr-CA\",\"potentialAction\":[{\"@type\":\"ReadAction\",\"target\":[\"https:\/\/www.carsalis.com\/changement-dheure-au-maroc\/\"]}]},{\"@type\":\"BreadcrumbList\",\"@id\":\"https:\/\/www.carsalis.com\/changement-dheure-au-maroc\/#breadcrumb\",\"itemListElement\":[{\"@type\":\"ListItem\",\"position\":1,\"name\":\"Accueil\",\"item\":\"https:\/\/www.carsalis.com\/\"},{\"@type\":\"ListItem\",\"position\":2,\"name\":\"Changement d&#8217;heure au Maroc\"}]},{\"@type\":\"WebSite\",\"@id\":\"https:\/\/www.carsalis.com\/#website\",\"url\":\"https:\/\/www.carsalis.com\/\",\"name\":\"Carsalis\",\"description\":\"Location de voitures\",\"potentialAction\":[{\"@type\":\"SearchAction\",\"target\":{\"@type\":\"EntryPoint\",\"urlTemplate\":\"https:\/\/www.carsalis.com\/?s={search_term_string}\"},\"query-input\":\"required name=search_term_string\"}],\"inLanguage\":\"fr-CA\"},{\"@type\":\"Person\",\"@id\":\"https:\/\/www.carsalis.com\/#\/schema\/person\/965bfec20cb9e50ad50a6da6b20debb5\",\"name\":\"admin\",\"image\":{\"@type\":\"ImageObject\",\"inLanguage\":\"fr-CA\",\"@id\":\"https:\/\/www.carsalis.com\/#\/schema\/person\/image\/\",\"url\":\"https:\/\/secure.gravatar.com\/avatar\/ba63ed645e44171658e5150359e1a99b?s=96&d=mm&r=g\",\"contentUrl\":\"https:\/\/secure.gravatar.com\/avatar\/ba63ed645e44171658e5150359e1a99b?s=96&d=mm&r=g\",\"caption\":\"admin\"},\"url\":\"https:\/\/www.carsalis.com\/fr\/author\/admin\/\"}]}<\/script>\n<!-- \/ Yoast SEO plugin. -->","yoast_head_json":{"title":"Changement d'heure au Maroc","robots":{"index":"index","follow":"follow","max-snippet":"max-snippet:-1","max-image-preview":"max-image-preview:large","max-video-preview":"max-video-preview:-1"},"canonical":"https:\/\/www.carsalis.com\/fr\/changement-dheure-au-maroc\/","og_locale":"fr_CA","og_type":"article","og_title":"Changement d'heure au Maroc","og_description":"Apr\u00e8s avoir chang\u00e9 d&#8217;heure avant l&#8217;arriv\u00e9e du mois de Ramadan, voil\u00e0 qu&#8217;un nouveau changement d&#8217;heure au Maroc s&#8217;op\u00e8re juste apr\u00e8s un mois. Pas d&#8217;imbroglio, on vous rassure. Changement d\u2019heure C\u2019est une mesure qui peut perturber et modifier les habitudes des Marocains mais qui r\u00e9duit sensiblement la consommation \u00e9lectrique, ce week-end le pays est pass\u00e9 \u00e0 [&hellip;]","og_url":"https:\/\/www.carsalis.com\/fr\/changement-dheure-au-maroc\/","og_site_name":"Carsalis","article_published_time":"2015-07-20T16:07:08+00:00","og_image":[{"url":"https:\/\/word-edit.officeapps.live.com\/we\/ResReader.ashx?v=00000000-0000-0000-0000-000000000014&amp;n=E2o4.img&amp;rndm=4155199d-c3eb-4d28-84a2-d152864b96a8&amp;Fi=SDE9E2BFA3B7CFD4CB!610&amp;C=5_810_BN1-SKY-WAC-WSHI&amp;ak=m%3Dfr%2Dfr&amp;usid=3a1bf9c7-2170-4270-b0d7-ab2fb8a3c36c&amp;build=16.0.3930.3029&amp;waccluster=DB3B"}],"author":"admin","twitter_card":"summary_large_image","twitter_misc":{"\u00c9crit par":"admin","Estimation du temps de lecture":"2 minutes"},"schema":{"@context":"https:\/\/schema.org","@graph":[{"@type":"WebPage","@id":"https:\/\/www.carsalis.com\/changement-dheure-au-maroc\/","url":"https:\/\/www.carsalis.com\/changement-dheure-au-maroc\/","name":"Changement d'heure au Maroc","isPartOf":{"@id":"https:\/\/www.carsalis.com\/#website"},"datePublished":"2015-07-20T16:07:08+00:00","dateModified":"2015-07-20T16:07:08+00:00","author":{"@id":"https:\/\/www.carsalis.com\/#\/schema\/person\/965bfec20cb9e50ad50a6da6b20debb5"},"breadcrumb":{"@id":"https:\/\/www.carsalis.com\/changement-dheure-au-maroc\/#breadcrumb"},"inLanguage":"fr-CA","potentialAction":[{"@type":"ReadAction","target":["https:\/\/www.carsalis.com\/changement-dheure-au-maroc\/"]}]},{"@type":"BreadcrumbList","@id":"https:\/\/www.carsalis.com\/changement-dheure-au-maroc\/#breadcrumb","itemListElement":[{"@type":"ListItem","position":1,"name":"Accueil","item":"https:\/\/www.carsalis.com\/"},{"@type":"ListItem","position":2,"name":"Changement d&#8217;heure au Maroc"}]},{"@type":"WebSite","@id":"https:\/\/www.carsalis.com\/#website","url":"https:\/\/www.carsalis.com\/","name":"Carsalis","description":"Location de voitures","potentialAction":[{"@type":"SearchAction","target":{"@type":"EntryPoint","urlTemplate":"https:\/\/www.carsalis.com\/?s={search_term_string}"},"query-input":"required name=search_term_string"}],"inLanguage":"fr-CA"},{"@type":"Person","@id":"https:\/\/www.carsalis.com\/#\/schema\/person\/965bfec20cb9e50ad50a6da6b20debb5","name":"admin","image":{"@type":"ImageObject","inLanguage":"fr-CA","@id":"https:\/\/www.carsalis.com\/#\/schema\/person\/image\/","url":"https:\/\/secure.gravatar.com\/avatar\/ba63ed645e44171658e5150359e1a99b?s=96&d=mm&r=g","contentUrl":"https:\/\/secure.gravatar.com\/avatar\/ba63ed645e44171658e5150359e1a99b?s=96&d=mm&r=g","caption":"admin"},"url":"https:\/\/www.carsalis.com\/fr\/author\/admin\/"}]}},"jetpack_sharing_enabled":true,"jetpack_featured_media_url":"","_links":{"self":[{"href":"https:\/\/www.carsalis.com\/fr\/wp-json\/wp\/v2\/posts\/2945"}],"collection":[{"href":"https:\/\/www.carsalis.com\/fr\/wp-json\/wp\/v2\/posts"}],"about":[{"href":"https:\/\/www.carsalis.com\/fr\/wp-json\/wp\/v2\/types\/post"}],"author":[{"embeddable":true,"href":"https:\/\/www.carsalis.com\/fr\/wp-json\/wp\/v2\/users\/1"}],"replies":[{"embeddable":true,"href":"https:\/\/www.carsalis.com\/fr\/wp-json\/wp\/v2\/comments?post=2945"}],"version-history":[{"count":0,"href":"https:\/\/www.carsalis.com\/fr\/wp-json\/wp\/v2\/posts\/2945\/revisions"}],"wp:attachment":[{"href":"https:\/\/www.carsalis.com\/fr\/wp-json\/wp\/v2\/media?parent=2945"}],"wp:term":[{"taxonomy":"category","embeddable":true,"href":"https:\/\/www.carsalis.com\/fr\/wp-json\/wp\/v2\/categories?post=2945"},{"taxonomy":"post_tag","embeddable":true,"href":"https:\/\/www.carsalis.com\/fr\/wp-json\/wp\/v2\/tags?post=2945"}],"curies":[{"name":"wp","href":"https:\/\/api.w.org\/{rel}","templated":true}]}}