{"id":2928,"date":"2015-07-09T17:05:58","date_gmt":"2015-07-09T17:05:58","guid":{"rendered":"http:\/\/www.agadir-location-voitures.com\/blog\/?p=2928"},"modified":"2015-07-09T17:05:58","modified_gmt":"2015-07-09T17:05:58","slug":"canicule-au-maroc","status":"publish","type":"post","link":"https:\/\/www.carsalis.com\/fr\/canicule-au-maroc\/","title":{"rendered":"Canicule au Maroc: une forte vague de chaleur"},"content":{"rendered":"<p style=\"text-align: justify;\">C&#8217;est la canicule au Maroc et depuis quelques jours \u00a0d\u00e9j\u00e0, une forte vague de chaleur s\u2019abat sur le pays avec des pics jusqu\u2019\u00e0 43 degr\u00e9s \u00e0 Agadir notamment sur plusieurs jours cons\u00e9cutifs. Un air chaud et sec venant du sud du pays est \u00e0 l\u2019origine de cette hausse sensible des temp\u00e9ratures qui atteindront jusqu\u2019\u00e0 47 degr\u00e9s dans certaines r\u00e9gions.<br \/>\nCet \u00e9pisode caniculaire devrait durer jusqu\u2019\u00e0 la fin de la semaine selon le centre marocain de m\u00e9t\u00e9orologie.<\/p>\n<h2 style=\"text-align: justify;\">Le sud marocain le plus touch\u00e9<\/h2>\n<p style=\"text-align: justify;\">Plusieurs r\u00e9gions du royaume sont concern\u00e9es, notamment le sud, qui de par sa proximit\u00e9 avec le d\u00e9sert du Sahara voit ses \u00e9t\u00e9s tr\u00e8s chauds et secs. Le climat dans ces r\u00e9gions est d&#8217;autant plus aride en \u00e9t\u00e9 que les pr\u00e9cipitations y sont tr\u00e8s rares et irr\u00e9guli\u00e8res.<br \/>\nEn cons\u00e9quence, il est n\u00e9cessaire pour la population d\u2019\u00eatre vigilante m\u00eame si on peut se dire, qu\u2019\u00e0 priori, une canicule au Maroc n\u2019a rien d\u2019exceptionnel et que la population y est habitu\u00e9e. Mais depuis le 18 juin, les Marocains vivent le mois de Ramadan d\u2019o\u00f9 l\u2019importance de respecter quelques pr\u00e9cautions :<br \/>\nBoire beaucoup (\u00e0 cette p\u00e9riode au moment du commencement et de la rupture du je\u00fbne), prot\u00e9ger son habitation la journ\u00e9e du soleil en fermant les volets, limiter les d\u00e9placements inutiles, \u00e9viter de fatiguer son corps\u2026<br \/>\nC\u2019est la deuxi\u00e8me vague de chaleur que conna\u00eet le Maroc cet \u00e9t\u00e9 apr\u00e8s celle de mai dernier, o\u00f9 les temp\u00e9ratures atteignaient 46 degr\u00e9s dans les provinces du sud. Les autorit\u00e9s pr\u00e9conisent la prudence.<\/p>\n<h2 style=\"text-align: justify;\">Une piq\u00fbre de rappel<\/h2>\n<p style=\"text-align: justify;\">Cette canicule permet de faire prendre conscience que la pr\u00e9servation de l&#8217;eau est essentielle en ces temps de s\u00e9cheresse. L&#8217;acc\u00e8s \u00e0 l&#8217;eau ne va malheureusement pas toujours de soi, c&#8217;est le cas d&#8217;une petite commune rurale non loin de Marrakech dans laquelle ses habitants doivent parcourir plusieurs kilom\u00e8tres par jour pour s&#8217;approvisionner en eau. Une situation inqui\u00e9tante en p\u00e9riode de chaleur et de Ramadan.<\/p>\n<h2 style=\"text-align: justify;\">Une situation similaire ailleurs<\/h2>\n<p style=\"text-align: justify;\">L\u2019\u00e9tat de s\u00e9cheresse est tr\u00e8s marqu\u00e9 en Europe, notamment en Espagne ou encore en France o\u00f9 les temp\u00e9ratures avoisinaient les 40\u00b0 au soleil par endroit mettant en route l\u2019alerte canicule dans plusieurs d\u00e9partements de l&#8217;hexagone. Le pays n&#8217;avait pas v\u00e9cu de pareille canicule depuis 2003.<\/p>\n<p>Mais pas d&#8217;inqui\u00e9tude, <strong>Carsalis<\/strong> pense \u00e0 tout et surtout \u00e0 vous en mettant \u00e0 votre disposition des v\u00e9hicules climatis\u00e9s et tout confort pour un s\u00e9jour des plus agr\u00e9ables dans le pays.<\/p>\n<p>&nbsp;<\/p>\n<p>&nbsp;<\/p>\n<p>&nbsp;<\/p>","protected":false},"excerpt":{"rendered":"<p>C&#8217;est la canicule au Maroc et depuis quelques jours \u00a0d\u00e9j\u00e0, une forte vague de chaleur s\u2019abat sur le pays avec des pics jusqu\u2019\u00e0 43 degr\u00e9s \u00e0 Agadir notamment sur plusieurs jours cons\u00e9cutifs. Un air chaud et sec venant du sud du pays est \u00e0 l\u2019origine de cette hausse sensible des temp\u00e9ratures qui atteindront jusqu\u2019\u00e0 47 [&hellip;]<\/p>","protected":false},"author":1,"featured_media":0,"comment_status":"open","ping_status":"open","sticky":false,"template":"","format":"standard","meta":{"footnotes":""},"categories":[6,13],"tags":[301,31,302,303,44,304,21],"yoast_head":"<!-- This site is optimized with the Yoast SEO plugin v21.7 - https:\/\/yoast.com\/wordpress\/plugins\/seo\/ -->\n<title>Canicule au Maroc<\/title>\n<meta name=\"robots\" content=\"index, follow, max-snippet:-1, max-image-preview:large, max-video-preview:-1\" \/>\n<link rel=\"canonical\" href=\"https:\/\/www.carsalis.com\/fr\/canicule-au-maroc\/\" \/>\n<meta property=\"og:locale\" content=\"fr_CA\" \/>\n<meta property=\"og:type\" content=\"article\" \/>\n<meta property=\"og:title\" content=\"Canicule au Maroc\" \/>\n<meta property=\"og:description\" content=\"C&#8217;est la canicule au Maroc et depuis quelques jours \u00a0d\u00e9j\u00e0, une forte vague de chaleur s\u2019abat sur le pays avec des pics jusqu\u2019\u00e0 43 degr\u00e9s \u00e0 Agadir notamment sur plusieurs jours cons\u00e9cutifs. Un air chaud et sec venant du sud du pays est \u00e0 l\u2019origine de cette hausse sensible des temp\u00e9ratures qui atteindront jusqu\u2019\u00e0 47 [&hellip;]\" \/>\n<meta property=\"og:url\" content=\"https:\/\/www.carsalis.com\/fr\/canicule-au-maroc\/\" \/>\n<meta property=\"og:site_name\" content=\"Carsalis\" \/>\n<meta property=\"article:published_time\" content=\"2015-07-09T17:05:58+00:00\" \/>\n<meta name=\"author\" content=\"admin\" \/>\n<meta name=\"twitter:card\" content=\"summary_large_image\" \/>\n<meta name=\"twitter:label1\" content=\"\u00c9crit par\" \/>\n\t<meta name=\"twitter:data1\" content=\"admin\" \/>\n\t<meta name=\"twitter:label2\" content=\"Estimation du temps de lecture\" \/>\n\t<meta name=\"twitter:data2\" content=\"2 minutes\" \/>\n<script type=\"application\/ld+json\" class=\"yoast-schema-graph\">{\"@context\":\"https:\/\/schema.org\",\"@graph\":[{\"@type\":\"WebPage\",\"@id\":\"https:\/\/www.carsalis.com\/canicule-au-maroc\/\",\"url\":\"https:\/\/www.carsalis.com\/canicule-au-maroc\/\",\"name\":\"Canicule au Maroc\",\"isPartOf\":{\"@id\":\"https:\/\/www.carsalis.com\/#website\"},\"datePublished\":\"2015-07-09T17:05:58+00:00\",\"dateModified\":\"2015-07-09T17:05:58+00:00\",\"author\":{\"@id\":\"https:\/\/www.carsalis.com\/#\/schema\/person\/965bfec20cb9e50ad50a6da6b20debb5\"},\"breadcrumb\":{\"@id\":\"https:\/\/www.carsalis.com\/canicule-au-maroc\/#breadcrumb\"},\"inLanguage\":\"fr-CA\",\"potentialAction\":[{\"@type\":\"ReadAction\",\"target\":[\"https:\/\/www.carsalis.com\/canicule-au-maroc\/\"]}]},{\"@type\":\"BreadcrumbList\",\"@id\":\"https:\/\/www.carsalis.com\/canicule-au-maroc\/#breadcrumb\",\"itemListElement\":[{\"@type\":\"ListItem\",\"position\":1,\"name\":\"Accueil\",\"item\":\"https:\/\/www.carsalis.com\/\"},{\"@type\":\"ListItem\",\"position\":2,\"name\":\"Canicule au Maroc: une forte vague de chaleur\"}]},{\"@type\":\"WebSite\",\"@id\":\"https:\/\/www.carsalis.com\/#website\",\"url\":\"https:\/\/www.carsalis.com\/\",\"name\":\"Carsalis\",\"description\":\"Location de voitures\",\"potentialAction\":[{\"@type\":\"SearchAction\",\"target\":{\"@type\":\"EntryPoint\",\"urlTemplate\":\"https:\/\/www.carsalis.com\/?s={search_term_string}\"},\"query-input\":\"required name=search_term_string\"}],\"inLanguage\":\"fr-CA\"},{\"@type\":\"Person\",\"@id\":\"https:\/\/www.carsalis.com\/#\/schema\/person\/965bfec20cb9e50ad50a6da6b20debb5\",\"name\":\"admin\",\"image\":{\"@type\":\"ImageObject\",\"inLanguage\":\"fr-CA\",\"@id\":\"https:\/\/www.carsalis.com\/#\/schema\/person\/image\/\",\"url\":\"https:\/\/secure.gravatar.com\/avatar\/ba63ed645e44171658e5150359e1a99b?s=96&d=mm&r=g\",\"contentUrl\":\"https:\/\/secure.gravatar.com\/avatar\/ba63ed645e44171658e5150359e1a99b?s=96&d=mm&r=g\",\"caption\":\"admin\"},\"url\":\"https:\/\/www.carsalis.com\/fr\/author\/admin\/\"}]}<\/script>\n<!-- \/ Yoast SEO plugin. -->","yoast_head_json":{"title":"Canicule au Maroc","robots":{"index":"index","follow":"follow","max-snippet":"max-snippet:-1","max-image-preview":"max-image-preview:large","max-video-preview":"max-video-preview:-1"},"canonical":"https:\/\/www.carsalis.com\/fr\/canicule-au-maroc\/","og_locale":"fr_CA","og_type":"article","og_title":"Canicule au Maroc","og_description":"C&#8217;est la canicule au Maroc et depuis quelques jours \u00a0d\u00e9j\u00e0, une forte vague de chaleur s\u2019abat sur le pays avec des pics jusqu\u2019\u00e0 43 degr\u00e9s \u00e0 Agadir notamment sur plusieurs jours cons\u00e9cutifs. Un air chaud et sec venant du sud du pays est \u00e0 l\u2019origine de cette hausse sensible des temp\u00e9ratures qui atteindront jusqu\u2019\u00e0 47 [&hellip;]","og_url":"https:\/\/www.carsalis.com\/fr\/canicule-au-maroc\/","og_site_name":"Carsalis","article_published_time":"2015-07-09T17:05:58+00:00","author":"admin","twitter_card":"summary_large_image","twitter_misc":{"\u00c9crit par":"admin","Estimation du temps de lecture":"2 minutes"},"schema":{"@context":"https:\/\/schema.org","@graph":[{"@type":"WebPage","@id":"https:\/\/www.carsalis.com\/canicule-au-maroc\/","url":"https:\/\/www.carsalis.com\/canicule-au-maroc\/","name":"Canicule au Maroc","isPartOf":{"@id":"https:\/\/www.carsalis.com\/#website"},"datePublished":"2015-07-09T17:05:58+00:00","dateModified":"2015-07-09T17:05:58+00:00","author":{"@id":"https:\/\/www.carsalis.com\/#\/schema\/person\/965bfec20cb9e50ad50a6da6b20debb5"},"breadcrumb":{"@id":"https:\/\/www.carsalis.com\/canicule-au-maroc\/#breadcrumb"},"inLanguage":"fr-CA","potentialAction":[{"@type":"ReadAction","target":["https:\/\/www.carsalis.com\/canicule-au-maroc\/"]}]},{"@type":"BreadcrumbList","@id":"https:\/\/www.carsalis.com\/canicule-au-maroc\/#breadcrumb","itemListElement":[{"@type":"ListItem","position":1,"name":"Accueil","item":"https:\/\/www.carsalis.com\/"},{"@type":"ListItem","position":2,"name":"Canicule au Maroc: une forte vague de chaleur"}]},{"@type":"WebSite","@id":"https:\/\/www.carsalis.com\/#website","url":"https:\/\/www.carsalis.com\/","name":"Carsalis","description":"Location de voitures","potentialAction":[{"@type":"SearchAction","target":{"@type":"EntryPoint","urlTemplate":"https:\/\/www.carsalis.com\/?s={search_term_string}"},"query-input":"required name=search_term_string"}],"inLanguage":"fr-CA"},{"@type":"Person","@id":"https:\/\/www.carsalis.com\/#\/schema\/person\/965bfec20cb9e50ad50a6da6b20debb5","name":"admin","image":{"@type":"ImageObject","inLanguage":"fr-CA","@id":"https:\/\/www.carsalis.com\/#\/schema\/person\/image\/","url":"https:\/\/secure.gravatar.com\/avatar\/ba63ed645e44171658e5150359e1a99b?s=96&d=mm&r=g","contentUrl":"https:\/\/secure.gravatar.com\/avatar\/ba63ed645e44171658e5150359e1a99b?s=96&d=mm&r=g","caption":"admin"},"url":"https:\/\/www.carsalis.com\/fr\/author\/admin\/"}]}},"jetpack_sharing_enabled":true,"jetpack_featured_media_url":"","_links":{"self":[{"href":"https:\/\/www.carsalis.com\/fr\/wp-json\/wp\/v2\/posts\/2928"}],"collection":[{"href":"https:\/\/www.carsalis.com\/fr\/wp-json\/wp\/v2\/posts"}],"about":[{"href":"https:\/\/www.carsalis.com\/fr\/wp-json\/wp\/v2\/types\/post"}],"author":[{"embeddable":true,"href":"https:\/\/www.carsalis.com\/fr\/wp-json\/wp\/v2\/users\/1"}],"replies":[{"embeddable":true,"href":"https:\/\/www.carsalis.com\/fr\/wp-json\/wp\/v2\/comments?post=2928"}],"version-history":[{"count":0,"href":"https:\/\/www.carsalis.com\/fr\/wp-json\/wp\/v2\/posts\/2928\/revisions"}],"wp:attachment":[{"href":"https:\/\/www.carsalis.com\/fr\/wp-json\/wp\/v2\/media?parent=2928"}],"wp:term":[{"taxonomy":"category","embeddable":true,"href":"https:\/\/www.carsalis.com\/fr\/wp-json\/wp\/v2\/categories?post=2928"},{"taxonomy":"post_tag","embeddable":true,"href":"https:\/\/www.carsalis.com\/fr\/wp-json\/wp\/v2\/tags?post=2928"}],"curies":[{"name":"wp","href":"https:\/\/api.w.org\/{rel}","templated":true}]}}