{"id":2896,"date":"2015-05-26T07:51:51","date_gmt":"2015-05-26T07:51:51","guid":{"rendered":"http:\/\/www.agadir-location-voitures.com\/blog\/?p=2896"},"modified":"2015-05-26T07:51:51","modified_gmt":"2015-05-26T07:51:51","slug":"la-ram-royal-air-maroc-sur-le-qui-vive","status":"publish","type":"post","link":"https:\/\/www.carsalis.com\/fr\/la-ram-royal-air-maroc-sur-le-qui-vive\/","title":{"rendered":"La RAM (Royal Air Maroc) sur le qui-vive"},"content":{"rendered":"<p>La Royal Air Maroc ne\u00a0m\u00e9nage pas ses efforts pour fournir \u00e0 ses clients des services de qualit\u00e9. En effet, la compagnie a r\u00e9unit un conseil exceptionnel le 18 mai dernier \u00e0 Casablanca, le sujet du jour: comment faire face \u00e0 la riche saison estivale qui s&#8217;annonce?<br \/>\nA l&#8217;approche des vacances d&#8217;\u00e9t\u00e9, la compagnie a\u00e9rienne nationale Marocaine, premi\u00e8re compagnie du pays va devoir mettre en oeuvre tous ses moyens afin de g\u00e9rer au mieux le pic de trafic qui se pr\u00e9pare.<\/p>\n<p>Elle renforcera notamment ses effectifs et les collaborateurs suiveront des formations afin de mieux accueillir et servir les passagers \u00e0 chaque \u00e9tape de leur voyage.<\/p>\n<p>En 2014 c&#8217;est plus de 800 000 passagers qui ont voyag\u00e9 \u00e0 bord de ses avions et pas moins de 90 destinations desservies au Maroc et dans le monde.<\/p>\n<p>Dans son \u00e9lan toujours plus pouss\u00e9 de recherche et innovation, la RAM a un objectif: le bien \u00eatre et le confort de ses clients. C&#8217;est pour cela que l&#8217;\u00e9t\u00e9 2015 s&#8217;annonce exceptionnel \u00e0 son bord: cr\u00e9ation de nouveaux divertissements, qualit\u00e9 de ses repas, vols suppl\u00e9mentaires sur certaines lignes&#8230;<br \/>\nLe Maroc reste une destination tr\u00e8s pris\u00e9e des vacanciers \u00e0 la recherche d&#8217;authenticit\u00e9 et d&#8217;hospitalit\u00e9. C&#8217;est donc tout naturellement que la compagnie s&#8217;inscrit dans cette optique et fait en sorte que le confort et la s\u00e9curit\u00e9 de ses passagers se fassent d\u00e8s leur pays d&#8217;origine.<\/p>\n<p>Les horaires seront sp\u00e9cialement am\u00e9nag\u00e9s pour les passagers, notamment ceux en transit \u00e0 l\u2019a\u00e9roport Mohammed V \u00e0 Casablanca qui repr\u00e9sentent 40% des passagers sur les lignes internationales de la Royal Air Maroc.<br \/>\nCe flux de passagers en transit fait de l\u2019a\u00e9roport Mohamed V la premi\u00e8re plate-forme a\u00e9roportuaire de correspondance a\u00e9rienne Africaine pour le trafic passager entre le continent Africain et l\u2019Europe, c&#8217;est en moyenne 4200 voyageurs par jour.<\/p>\n<p>En outre, cette r\u00e9union a permis de rendre hommage au personnel de la compagnie qui a contribu\u00e9 au maintien des vols \u00e0 destination des pays touch\u00e9s par le virus Ebola.<br \/>\nLa compagnie contribue \u00e0 la lutte contre cette maladie invasive en transportant du mat\u00e9riel m\u00e9dical ainsi que le personnel envoy\u00e9 pour assister les populations infect\u00e9es.<br \/>\nLe voyage officiel du roi Mohammed VI qui a d\u00e9but\u00e9 r\u00e9cemment dans les pays fr\u00e8res d&#8217;Afrique t\u00e9moigne de cette solidarit\u00e9 continentale.<\/p>\n<p>Juilletistes, ao\u00fbtiens, n&#8217;h\u00e9sitez plus, choisissez le confort de la RAM, r\u00e9servez vos billets, pliez bagage, Carsalis vous livre votre v\u00e9hicule r\u00e9vis\u00e9 et parfaitement entretenu \u00e0 l&#8217;a\u00e9roport&#8230;<\/p>\n<div>\n<div>\n<table cellspacing=\"0\" cellpadding=\"0\">\n<tbody>\n<tr>\n<td>&nbsp;<\/td>\n<\/tr>\n<\/tbody>\n<\/table>\n<\/div>\n<\/div>","protected":false},"excerpt":{"rendered":"<p>La Royal Air Maroc ne\u00a0m\u00e9nage pas ses efforts pour fournir \u00e0 ses clients des services de qualit\u00e9. En effet, la compagnie a r\u00e9unit un conseil exceptionnel le 18 mai dernier \u00e0 Casablanca, le sujet du jour: comment faire face \u00e0 la riche saison estivale qui s&#8217;annonce? A l&#8217;approche des vacances d&#8217;\u00e9t\u00e9, la compagnie a\u00e9rienne nationale [&hellip;]<\/p>","protected":false},"author":1,"featured_media":0,"comment_status":"open","ping_status":"open","sticky":false,"template":"","format":"standard","meta":{"footnotes":""},"categories":[13],"tags":[77,285,70,286,44,287,288,289],"yoast_head":"<!-- This site is optimized with the Yoast SEO plugin v21.7 - https:\/\/yoast.com\/wordpress\/plugins\/seo\/ -->\n<title>La RAM (Royal Air Maroc) sur le qui-vive - Carsalis<\/title>\n<meta name=\"robots\" content=\"index, follow, max-snippet:-1, max-image-preview:large, max-video-preview:-1\" \/>\n<link rel=\"canonical\" href=\"https:\/\/www.carsalis.com\/fr\/la-ram-royal-air-maroc-sur-le-qui-vive\/\" \/>\n<meta property=\"og:locale\" content=\"fr_CA\" \/>\n<meta property=\"og:type\" content=\"article\" \/>\n<meta property=\"og:title\" content=\"La RAM (Royal Air Maroc) sur le qui-vive - Carsalis\" \/>\n<meta property=\"og:description\" content=\"La Royal Air Maroc ne\u00a0m\u00e9nage pas ses efforts pour fournir \u00e0 ses clients des services de qualit\u00e9. En effet, la compagnie a r\u00e9unit un conseil exceptionnel le 18 mai dernier \u00e0 Casablanca, le sujet du jour: comment faire face \u00e0 la riche saison estivale qui s&#8217;annonce? A l&#8217;approche des vacances d&#8217;\u00e9t\u00e9, la compagnie a\u00e9rienne nationale [&hellip;]\" \/>\n<meta property=\"og:url\" content=\"https:\/\/www.carsalis.com\/fr\/la-ram-royal-air-maroc-sur-le-qui-vive\/\" \/>\n<meta property=\"og:site_name\" content=\"Carsalis\" \/>\n<meta property=\"article:published_time\" content=\"2015-05-26T07:51:51+00:00\" \/>\n<meta name=\"author\" content=\"admin\" \/>\n<meta name=\"twitter:card\" content=\"summary_large_image\" \/>\n<meta name=\"twitter:label1\" content=\"\u00c9crit par\" \/>\n\t<meta name=\"twitter:data1\" content=\"admin\" \/>\n\t<meta name=\"twitter:label2\" content=\"Estimation du temps de lecture\" \/>\n\t<meta name=\"twitter:data2\" content=\"2 minutes\" \/>\n<script type=\"application\/ld+json\" class=\"yoast-schema-graph\">{\"@context\":\"https:\/\/schema.org\",\"@graph\":[{\"@type\":\"WebPage\",\"@id\":\"https:\/\/www.carsalis.com\/la-ram-royal-air-maroc-sur-le-qui-vive\/\",\"url\":\"https:\/\/www.carsalis.com\/la-ram-royal-air-maroc-sur-le-qui-vive\/\",\"name\":\"La RAM (Royal Air Maroc) sur le qui-vive - Carsalis\",\"isPartOf\":{\"@id\":\"https:\/\/www.carsalis.com\/#website\"},\"datePublished\":\"2015-05-26T07:51:51+00:00\",\"dateModified\":\"2015-05-26T07:51:51+00:00\",\"author\":{\"@id\":\"https:\/\/www.carsalis.com\/#\/schema\/person\/965bfec20cb9e50ad50a6da6b20debb5\"},\"breadcrumb\":{\"@id\":\"https:\/\/www.carsalis.com\/la-ram-royal-air-maroc-sur-le-qui-vive\/#breadcrumb\"},\"inLanguage\":\"fr-CA\",\"potentialAction\":[{\"@type\":\"ReadAction\",\"target\":[\"https:\/\/www.carsalis.com\/la-ram-royal-air-maroc-sur-le-qui-vive\/\"]}]},{\"@type\":\"BreadcrumbList\",\"@id\":\"https:\/\/www.carsalis.com\/la-ram-royal-air-maroc-sur-le-qui-vive\/#breadcrumb\",\"itemListElement\":[{\"@type\":\"ListItem\",\"position\":1,\"name\":\"Accueil\",\"item\":\"https:\/\/www.carsalis.com\/\"},{\"@type\":\"ListItem\",\"position\":2,\"name\":\"La RAM (Royal Air Maroc) sur le qui-vive\"}]},{\"@type\":\"WebSite\",\"@id\":\"https:\/\/www.carsalis.com\/#website\",\"url\":\"https:\/\/www.carsalis.com\/\",\"name\":\"Carsalis\",\"description\":\"Location de voitures\",\"potentialAction\":[{\"@type\":\"SearchAction\",\"target\":{\"@type\":\"EntryPoint\",\"urlTemplate\":\"https:\/\/www.carsalis.com\/?s={search_term_string}\"},\"query-input\":\"required name=search_term_string\"}],\"inLanguage\":\"fr-CA\"},{\"@type\":\"Person\",\"@id\":\"https:\/\/www.carsalis.com\/#\/schema\/person\/965bfec20cb9e50ad50a6da6b20debb5\",\"name\":\"admin\",\"image\":{\"@type\":\"ImageObject\",\"inLanguage\":\"fr-CA\",\"@id\":\"https:\/\/www.carsalis.com\/#\/schema\/person\/image\/\",\"url\":\"https:\/\/secure.gravatar.com\/avatar\/ba63ed645e44171658e5150359e1a99b?s=96&d=mm&r=g\",\"contentUrl\":\"https:\/\/secure.gravatar.com\/avatar\/ba63ed645e44171658e5150359e1a99b?s=96&d=mm&r=g\",\"caption\":\"admin\"},\"url\":\"https:\/\/www.carsalis.com\/fr\/author\/admin\/\"}]}<\/script>\n<!-- \/ Yoast SEO plugin. -->","yoast_head_json":{"title":"La RAM (Royal Air Maroc) sur le qui-vive - Carsalis","robots":{"index":"index","follow":"follow","max-snippet":"max-snippet:-1","max-image-preview":"max-image-preview:large","max-video-preview":"max-video-preview:-1"},"canonical":"https:\/\/www.carsalis.com\/fr\/la-ram-royal-air-maroc-sur-le-qui-vive\/","og_locale":"fr_CA","og_type":"article","og_title":"La RAM (Royal Air Maroc) sur le qui-vive - Carsalis","og_description":"La Royal Air Maroc ne\u00a0m\u00e9nage pas ses efforts pour fournir \u00e0 ses clients des services de qualit\u00e9. En effet, la compagnie a r\u00e9unit un conseil exceptionnel le 18 mai dernier \u00e0 Casablanca, le sujet du jour: comment faire face \u00e0 la riche saison estivale qui s&#8217;annonce? A l&#8217;approche des vacances d&#8217;\u00e9t\u00e9, la compagnie a\u00e9rienne nationale [&hellip;]","og_url":"https:\/\/www.carsalis.com\/fr\/la-ram-royal-air-maroc-sur-le-qui-vive\/","og_site_name":"Carsalis","article_published_time":"2015-05-26T07:51:51+00:00","author":"admin","twitter_card":"summary_large_image","twitter_misc":{"\u00c9crit par":"admin","Estimation du temps de lecture":"2 minutes"},"schema":{"@context":"https:\/\/schema.org","@graph":[{"@type":"WebPage","@id":"https:\/\/www.carsalis.com\/la-ram-royal-air-maroc-sur-le-qui-vive\/","url":"https:\/\/www.carsalis.com\/la-ram-royal-air-maroc-sur-le-qui-vive\/","name":"La RAM (Royal Air Maroc) sur le qui-vive - Carsalis","isPartOf":{"@id":"https:\/\/www.carsalis.com\/#website"},"datePublished":"2015-05-26T07:51:51+00:00","dateModified":"2015-05-26T07:51:51+00:00","author":{"@id":"https:\/\/www.carsalis.com\/#\/schema\/person\/965bfec20cb9e50ad50a6da6b20debb5"},"breadcrumb":{"@id":"https:\/\/www.carsalis.com\/la-ram-royal-air-maroc-sur-le-qui-vive\/#breadcrumb"},"inLanguage":"fr-CA","potentialAction":[{"@type":"ReadAction","target":["https:\/\/www.carsalis.com\/la-ram-royal-air-maroc-sur-le-qui-vive\/"]}]},{"@type":"BreadcrumbList","@id":"https:\/\/www.carsalis.com\/la-ram-royal-air-maroc-sur-le-qui-vive\/#breadcrumb","itemListElement":[{"@type":"ListItem","position":1,"name":"Accueil","item":"https:\/\/www.carsalis.com\/"},{"@type":"ListItem","position":2,"name":"La RAM (Royal Air Maroc) sur le qui-vive"}]},{"@type":"WebSite","@id":"https:\/\/www.carsalis.com\/#website","url":"https:\/\/www.carsalis.com\/","name":"Carsalis","description":"Location de voitures","potentialAction":[{"@type":"SearchAction","target":{"@type":"EntryPoint","urlTemplate":"https:\/\/www.carsalis.com\/?s={search_term_string}"},"query-input":"required name=search_term_string"}],"inLanguage":"fr-CA"},{"@type":"Person","@id":"https:\/\/www.carsalis.com\/#\/schema\/person\/965bfec20cb9e50ad50a6da6b20debb5","name":"admin","image":{"@type":"ImageObject","inLanguage":"fr-CA","@id":"https:\/\/www.carsalis.com\/#\/schema\/person\/image\/","url":"https:\/\/secure.gravatar.com\/avatar\/ba63ed645e44171658e5150359e1a99b?s=96&d=mm&r=g","contentUrl":"https:\/\/secure.gravatar.com\/avatar\/ba63ed645e44171658e5150359e1a99b?s=96&d=mm&r=g","caption":"admin"},"url":"https:\/\/www.carsalis.com\/fr\/author\/admin\/"}]}},"jetpack_sharing_enabled":true,"jetpack_featured_media_url":"","_links":{"self":[{"href":"https:\/\/www.carsalis.com\/fr\/wp-json\/wp\/v2\/posts\/2896"}],"collection":[{"href":"https:\/\/www.carsalis.com\/fr\/wp-json\/wp\/v2\/posts"}],"about":[{"href":"https:\/\/www.carsalis.com\/fr\/wp-json\/wp\/v2\/types\/post"}],"author":[{"embeddable":true,"href":"https:\/\/www.carsalis.com\/fr\/wp-json\/wp\/v2\/users\/1"}],"replies":[{"embeddable":true,"href":"https:\/\/www.carsalis.com\/fr\/wp-json\/wp\/v2\/comments?post=2896"}],"version-history":[{"count":0,"href":"https:\/\/www.carsalis.com\/fr\/wp-json\/wp\/v2\/posts\/2896\/revisions"}],"wp:attachment":[{"href":"https:\/\/www.carsalis.com\/fr\/wp-json\/wp\/v2\/media?parent=2896"}],"wp:term":[{"taxonomy":"category","embeddable":true,"href":"https:\/\/www.carsalis.com\/fr\/wp-json\/wp\/v2\/categories?post=2896"},{"taxonomy":"post_tag","embeddable":true,"href":"https:\/\/www.carsalis.com\/fr\/wp-json\/wp\/v2\/tags?post=2896"}],"curies":[{"name":"wp","href":"https:\/\/api.w.org\/{rel}","templated":true}]}}