{"id":2865,"date":"2015-04-09T14:13:12","date_gmt":"2015-04-09T14:13:12","guid":{"rendered":"http:\/\/www.agadir-location-voitures.com\/blog\/?p=2865"},"modified":"2015-04-09T14:13:12","modified_gmt":"2015-04-09T14:13:12","slug":"salon-de-lauto-doccasion-au-maroc","status":"publish","type":"post","link":"https:\/\/www.carsalis.com\/fr\/salon-de-lauto-doccasion-au-maroc\/","title":{"rendered":"Salon de l&#8217;auto d&#8217;occasion au Maroc"},"content":{"rendered":"<p>C&#8217;est officiel, le Maroc accueillera cette ann\u00e9e, son premier Salon de l&#8217;auto d&#8217;occasion.Ce dernier, qui se d\u00e9roulera du 6 au 14 juin 2015, proposera au public des centaines de voitures pour le plus grand bonheur des personnes soucieux de trouver un v\u00e9hicule fiable.<\/p>\n<p>Et si ce salon voit le jour c&#8217;est tout bonnement parce que le march\u00e9 de voitures d&#8217;occasion est en plein essor au Maroc d\u00e9passant de loin celui des voitures neuves.<\/p>\n<p>En effet, 400 000  v\u00e9hicules d&#8217;occasion ont \u00e9t\u00e9 vendus en 2014 sur le Royaume ch\u00e9rifien, contre seulement 120 000  v\u00e9hicules neufs; alors qu&#8217;on enregistrait 291 000 v\u00e9hicules d&#8217;occasion vendus en 2010.C&#8217;est dire la port\u00e9e d&#8217;un tel salon. <\/p>\n<p>Et pour r\u00e9guler ce nouveau march\u00e9 porteur,le minist\u00e8re de l&#8217;Equipement, du Transport et de la Logistique en est l&#8217;organisateur officiel. Contrairement aux Salons de voitures neuves classiques, les voitures propos\u00e9es dans ce salon seront disponibles de suite.<\/p>\n<p>Pas d&#8217;attente, vous repartez illico-presto avec un v\u00e9hicule propre, r\u00e9vis\u00e9, assur\u00e9 et sous garantie de surcro\u00eet. De plus,les voitures expos\u00e9es , toutes marques et tous mod\u00e8les confondus,seront \u00e2g\u00e9es de moins de 5 ans.<br \/>\nSi vous recherchez une voiture d&#8217;occasion avec de telles conditions, notez bien cette date dans votre agenda.<br \/>\nEt quoi de mieux qu&#8217;un v\u00e9hicule r\u00e9vis\u00e9, propre et fiable de chez Carsalis pour vous y rendre? ^^.<\/p>","protected":false},"excerpt":{"rendered":"<p>C&#8217;est officiel, le Maroc accueillera cette ann\u00e9e, son premier Salon de l&#8217;auto d&#8217;occasion.Ce dernier, qui se d\u00e9roulera du 6 au 14 juin 2015, proposera au public des centaines de voitures pour le plus grand bonheur des personnes soucieux de trouver un v\u00e9hicule fiable. Et si ce salon voit le jour c&#8217;est tout bonnement parce que [&hellip;]<\/p>","protected":false},"author":1,"featured_media":0,"comment_status":"open","ping_status":"open","sticky":false,"template":"","format":"standard","meta":{"footnotes":""},"categories":[122],"tags":[223,50,44,267,268,170],"yoast_head":"<!-- This site is optimized with the Yoast SEO plugin v21.7 - https:\/\/yoast.com\/wordpress\/plugins\/seo\/ -->\n<title>Salon de l&#039;auto d&#039;occasion au Maroc - Carsalis<\/title>\n<meta name=\"robots\" content=\"index, follow, max-snippet:-1, max-image-preview:large, max-video-preview:-1\" \/>\n<link rel=\"canonical\" href=\"https:\/\/www.carsalis.com\/fr\/salon-de-lauto-doccasion-au-maroc\/\" \/>\n<meta property=\"og:locale\" content=\"fr_CA\" \/>\n<meta property=\"og:type\" content=\"article\" \/>\n<meta property=\"og:title\" content=\"Salon de l&#039;auto d&#039;occasion au Maroc - Carsalis\" \/>\n<meta property=\"og:description\" content=\"C&#8217;est officiel, le Maroc accueillera cette ann\u00e9e, son premier Salon de l&#8217;auto d&#8217;occasion.Ce dernier, qui se d\u00e9roulera du 6 au 14 juin 2015, proposera au public des centaines de voitures pour le plus grand bonheur des personnes soucieux de trouver un v\u00e9hicule fiable. Et si ce salon voit le jour c&#8217;est tout bonnement parce que [&hellip;]\" \/>\n<meta property=\"og:url\" content=\"https:\/\/www.carsalis.com\/fr\/salon-de-lauto-doccasion-au-maroc\/\" \/>\n<meta property=\"og:site_name\" content=\"Carsalis\" \/>\n<meta property=\"article:published_time\" content=\"2015-04-09T14:13:12+00:00\" \/>\n<meta name=\"author\" content=\"admin\" \/>\n<meta name=\"twitter:card\" content=\"summary_large_image\" \/>\n<meta name=\"twitter:label1\" content=\"\u00c9crit par\" \/>\n\t<meta name=\"twitter:data1\" content=\"admin\" \/>\n\t<meta name=\"twitter:label2\" content=\"Estimation du temps de lecture\" \/>\n\t<meta name=\"twitter:data2\" content=\"1 minute\" \/>\n<script type=\"application\/ld+json\" class=\"yoast-schema-graph\">{\"@context\":\"https:\/\/schema.org\",\"@graph\":[{\"@type\":\"WebPage\",\"@id\":\"https:\/\/www.carsalis.com\/salon-de-lauto-doccasion-au-maroc\/\",\"url\":\"https:\/\/www.carsalis.com\/salon-de-lauto-doccasion-au-maroc\/\",\"name\":\"Salon de l'auto d'occasion au Maroc - Carsalis\",\"isPartOf\":{\"@id\":\"https:\/\/www.carsalis.com\/#website\"},\"datePublished\":\"2015-04-09T14:13:12+00:00\",\"dateModified\":\"2015-04-09T14:13:12+00:00\",\"author\":{\"@id\":\"https:\/\/www.carsalis.com\/#\/schema\/person\/965bfec20cb9e50ad50a6da6b20debb5\"},\"breadcrumb\":{\"@id\":\"https:\/\/www.carsalis.com\/salon-de-lauto-doccasion-au-maroc\/#breadcrumb\"},\"inLanguage\":\"fr-CA\",\"potentialAction\":[{\"@type\":\"ReadAction\",\"target\":[\"https:\/\/www.carsalis.com\/salon-de-lauto-doccasion-au-maroc\/\"]}]},{\"@type\":\"BreadcrumbList\",\"@id\":\"https:\/\/www.carsalis.com\/salon-de-lauto-doccasion-au-maroc\/#breadcrumb\",\"itemListElement\":[{\"@type\":\"ListItem\",\"position\":1,\"name\":\"Accueil\",\"item\":\"https:\/\/www.carsalis.com\/\"},{\"@type\":\"ListItem\",\"position\":2,\"name\":\"Salon de l&#8217;auto d&#8217;occasion au Maroc\"}]},{\"@type\":\"WebSite\",\"@id\":\"https:\/\/www.carsalis.com\/#website\",\"url\":\"https:\/\/www.carsalis.com\/\",\"name\":\"Carsalis\",\"description\":\"Location de voitures\",\"potentialAction\":[{\"@type\":\"SearchAction\",\"target\":{\"@type\":\"EntryPoint\",\"urlTemplate\":\"https:\/\/www.carsalis.com\/?s={search_term_string}\"},\"query-input\":\"required name=search_term_string\"}],\"inLanguage\":\"fr-CA\"},{\"@type\":\"Person\",\"@id\":\"https:\/\/www.carsalis.com\/#\/schema\/person\/965bfec20cb9e50ad50a6da6b20debb5\",\"name\":\"admin\",\"image\":{\"@type\":\"ImageObject\",\"inLanguage\":\"fr-CA\",\"@id\":\"https:\/\/www.carsalis.com\/#\/schema\/person\/image\/\",\"url\":\"https:\/\/secure.gravatar.com\/avatar\/ba63ed645e44171658e5150359e1a99b?s=96&d=mm&r=g\",\"contentUrl\":\"https:\/\/secure.gravatar.com\/avatar\/ba63ed645e44171658e5150359e1a99b?s=96&d=mm&r=g\",\"caption\":\"admin\"},\"url\":\"https:\/\/www.carsalis.com\/fr\/author\/admin\/\"}]}<\/script>\n<!-- \/ Yoast SEO plugin. -->","yoast_head_json":{"title":"Salon de l'auto d'occasion au Maroc - Carsalis","robots":{"index":"index","follow":"follow","max-snippet":"max-snippet:-1","max-image-preview":"max-image-preview:large","max-video-preview":"max-video-preview:-1"},"canonical":"https:\/\/www.carsalis.com\/fr\/salon-de-lauto-doccasion-au-maroc\/","og_locale":"fr_CA","og_type":"article","og_title":"Salon de l'auto d'occasion au Maroc - Carsalis","og_description":"C&#8217;est officiel, le Maroc accueillera cette ann\u00e9e, son premier Salon de l&#8217;auto d&#8217;occasion.Ce dernier, qui se d\u00e9roulera du 6 au 14 juin 2015, proposera au public des centaines de voitures pour le plus grand bonheur des personnes soucieux de trouver un v\u00e9hicule fiable. Et si ce salon voit le jour c&#8217;est tout bonnement parce que [&hellip;]","og_url":"https:\/\/www.carsalis.com\/fr\/salon-de-lauto-doccasion-au-maroc\/","og_site_name":"Carsalis","article_published_time":"2015-04-09T14:13:12+00:00","author":"admin","twitter_card":"summary_large_image","twitter_misc":{"\u00c9crit par":"admin","Estimation du temps de lecture":"1 minute"},"schema":{"@context":"https:\/\/schema.org","@graph":[{"@type":"WebPage","@id":"https:\/\/www.carsalis.com\/salon-de-lauto-doccasion-au-maroc\/","url":"https:\/\/www.carsalis.com\/salon-de-lauto-doccasion-au-maroc\/","name":"Salon de l'auto d'occasion au Maroc - Carsalis","isPartOf":{"@id":"https:\/\/www.carsalis.com\/#website"},"datePublished":"2015-04-09T14:13:12+00:00","dateModified":"2015-04-09T14:13:12+00:00","author":{"@id":"https:\/\/www.carsalis.com\/#\/schema\/person\/965bfec20cb9e50ad50a6da6b20debb5"},"breadcrumb":{"@id":"https:\/\/www.carsalis.com\/salon-de-lauto-doccasion-au-maroc\/#breadcrumb"},"inLanguage":"fr-CA","potentialAction":[{"@type":"ReadAction","target":["https:\/\/www.carsalis.com\/salon-de-lauto-doccasion-au-maroc\/"]}]},{"@type":"BreadcrumbList","@id":"https:\/\/www.carsalis.com\/salon-de-lauto-doccasion-au-maroc\/#breadcrumb","itemListElement":[{"@type":"ListItem","position":1,"name":"Accueil","item":"https:\/\/www.carsalis.com\/"},{"@type":"ListItem","position":2,"name":"Salon de l&#8217;auto d&#8217;occasion au Maroc"}]},{"@type":"WebSite","@id":"https:\/\/www.carsalis.com\/#website","url":"https:\/\/www.carsalis.com\/","name":"Carsalis","description":"Location de voitures","potentialAction":[{"@type":"SearchAction","target":{"@type":"EntryPoint","urlTemplate":"https:\/\/www.carsalis.com\/?s={search_term_string}"},"query-input":"required name=search_term_string"}],"inLanguage":"fr-CA"},{"@type":"Person","@id":"https:\/\/www.carsalis.com\/#\/schema\/person\/965bfec20cb9e50ad50a6da6b20debb5","name":"admin","image":{"@type":"ImageObject","inLanguage":"fr-CA","@id":"https:\/\/www.carsalis.com\/#\/schema\/person\/image\/","url":"https:\/\/secure.gravatar.com\/avatar\/ba63ed645e44171658e5150359e1a99b?s=96&d=mm&r=g","contentUrl":"https:\/\/secure.gravatar.com\/avatar\/ba63ed645e44171658e5150359e1a99b?s=96&d=mm&r=g","caption":"admin"},"url":"https:\/\/www.carsalis.com\/fr\/author\/admin\/"}]}},"jetpack_sharing_enabled":true,"jetpack_featured_media_url":"","_links":{"self":[{"href":"https:\/\/www.carsalis.com\/fr\/wp-json\/wp\/v2\/posts\/2865"}],"collection":[{"href":"https:\/\/www.carsalis.com\/fr\/wp-json\/wp\/v2\/posts"}],"about":[{"href":"https:\/\/www.carsalis.com\/fr\/wp-json\/wp\/v2\/types\/post"}],"author":[{"embeddable":true,"href":"https:\/\/www.carsalis.com\/fr\/wp-json\/wp\/v2\/users\/1"}],"replies":[{"embeddable":true,"href":"https:\/\/www.carsalis.com\/fr\/wp-json\/wp\/v2\/comments?post=2865"}],"version-history":[{"count":0,"href":"https:\/\/www.carsalis.com\/fr\/wp-json\/wp\/v2\/posts\/2865\/revisions"}],"wp:attachment":[{"href":"https:\/\/www.carsalis.com\/fr\/wp-json\/wp\/v2\/media?parent=2865"}],"wp:term":[{"taxonomy":"category","embeddable":true,"href":"https:\/\/www.carsalis.com\/fr\/wp-json\/wp\/v2\/categories?post=2865"},{"taxonomy":"post_tag","embeddable":true,"href":"https:\/\/www.carsalis.com\/fr\/wp-json\/wp\/v2\/tags?post=2865"}],"curies":[{"name":"wp","href":"https:\/\/api.w.org\/{rel}","templated":true}]}}